 {"id":444,"date":"2023-02-11T18:09:00","date_gmt":"2023-02-11T18:09:00","guid":{"rendered":"https:\/\/fivta.net\/?p=444"},"modified":"2023-02-13T15:56:52","modified_gmt":"2023-02-13T15:56:52","slug":"assemblee-generale-ordinaire-annuelle","status":"publish","type":"post","link":"https:\/\/fivta.net\/?p=444","title":{"rendered":"ASSEMBL\u00c9E G\u00c9N\u00c9RALE ORDINAIRE ANNUELLE 2023"},"content":{"rendered":"\n<p>La F\u00e9d\u00e9ration Ivoirienne de Tir \u00e0 l&rsquo;Arc a tenue son assembl\u00e9e g\u00e9n\u00e9rale ordinaire annuelle ce samedi 11 f\u00e9vrier 2023 \u00e0 son si\u00e8ge sis \u00e0 Abidjan Marcory de 15 heures 00 \u00e0 17 heures sous la pr\u00e9sidence de M. Mi-Car\u00eame ESSIS, Pr\u00e9sident de la f\u00e9d\u00e9ration.<\/p>\n\n\n\n<p>Deux (2) points \u00e9taient \u00e0 l&rsquo;ordre du jour :<\/p>\n\n\n\n<p>1- Bilan moral et financier de l&rsquo;ann\u00e9e 2022<\/p>\n\n\n\n<p>2- Election des commissaires aux comptes<\/p>\n\n\n\n<p>    Divers<\/p>\n\n\n\n<p><\/p>\n\n\n\n<figure class=\"wp-block-gallery has-nested-images columns-default is-cropped wp-block-gallery-1 is-layout-flex wp-block-gallery-is-layout-flex\">\n<figure class=\"wp-block-image size-large\"><img loading=\"lazy\" decoding=\"async\" width=\"1024\" height=\"768\" data-id=\"452\" src=\"https:\/\/fivta.net\/wp-content\/uploads\/2023\/02\/AGO-ANNUELLE-20230211-6-1024x768.jpg\" alt=\"\" class=\"wp-image-452\" srcset=\"https:\/\/fivta.net\/wp-content\/uploads\/2023\/02\/AGO-ANNUELLE-20230211-6-1024x768.jpg 1024w, https:\/\/fivta.net\/wp-content\/uploads\/2023\/02\/AGO-ANNUELLE-20230211-6-300x225.jpg 300w, https:\/\/fivta.net\/wp-content\/uploads\/2023\/02\/AGO-ANNUELLE-20230211-6-768x576.jpg 768w, https:\/\/fivta.net\/wp-content\/uploads\/2023\/02\/AGO-ANNUELLE-20230211-6-600x450.jpg 600w, https:\/\/fivta.net\/wp-content\/uploads\/2023\/02\/AGO-ANNUELLE-20230211-6.jpg 1040w\" sizes=\"auto, (max-width: 1024px) 100vw, 1024px\" \/><\/figure>\n<\/figure>\n","protected":false},"excerpt":{"rendered":"<p>La F\u00e9d\u00e9ration Ivoirienne de Tir \u00e0 l&rsquo;Arc a tenue son assembl\u00e9e g\u00e9n\u00e9rale ordinaire annuelle ce samedi 11 f\u00e9vrier 2023 \u00e0 son si\u00e8ge sis \u00e0 Abidjan Marcory de 15 heures 00 \u00e0 17 heures sous la pr\u00e9sidence de M. Mi-Car\u00eame ESSIS, Pr\u00e9sident de la f\u00e9d\u00e9ration. Deux (2) points \u00e9taient \u00e0 l&rsquo;ordre du jour : 1- Bilan [&hellip;]<\/p>\n","protected":false},"author":1,"featured_media":452,"comment_status":"open","ping_status":"open","sticky":true,"template":"","format":"standard","meta":{"footnotes":""},"categories":[23],"tags":[],"class_list":["post-444","post","type-post","status-publish","format-standard","has-post-thumbnail","hentry","category-vie-federale"],"_links":{"self":[{"href":"https:\/\/fivta.net\/index.php?rest_route=\/wp\/v2\/posts\/444","targetHints":{"allow":["GET"]}}],"collection":[{"href":"https:\/\/fivta.net\/index.php?rest_route=\/wp\/v2\/posts"}],"about":[{"href":"https:\/\/fivta.net\/index.php?rest_route=\/wp\/v2\/types\/post"}],"author":[{"embeddable":true,"href":"https:\/\/fivta.net\/index.php?rest_route=\/wp\/v2\/users\/1"}],"replies":[{"embeddable":true,"href":"https:\/\/fivta.net\/index.php?rest_route=%2Fwp%2Fv2%2Fcomments&post=444"}],"version-history":[{"count":5,"href":"https:\/\/fivta.net\/index.php?rest_route=\/wp\/v2\/posts\/444\/revisions"}],"predecessor-version":[{"id":451,"href":"https:\/\/fivta.net\/index.php?rest_route=\/wp\/v2\/posts\/444\/revisions\/451"}],"wp:featuredmedia":[{"embeddable":true,"href":"https:\/\/fivta.net\/index.php?rest_route=\/wp\/v2\/media\/452"}],"wp:attachment":[{"href":"https:\/\/fivta.net\/index.php?rest_route=%2Fwp%2Fv2%2Fmedia&parent=444"}],"wp:term":[{"taxonomy":"category","embeddable":true,"href":"https:\/\/fivta.net\/index.php?rest_route=%2Fwp%2Fv2%2Fcategories&post=444"},{"taxonomy":"post_tag","embeddable":true,"href":"https:\/\/fivta.net\/index.php?rest_route=%2Fwp%2Fv2%2Ftags&post=444"}],"curies":[{"name":"wp","href":"https:\/\/api.w.org\/{rel}","templated":true}]}}